{"id":539,"date":"2016-06-13T23:29:19","date_gmt":"2016-06-13T21:29:19","guid":{"rendered":"http:\/\/berg-werk.biz\/?p=539"},"modified":"2016-06-13T23:29:19","modified_gmt":"2016-06-13T21:29:19","slug":"mein-neues-tuerkisfarbenes-halstuch","status":"publish","type":"post","link":"https:\/\/berg-werk.biz\/?p=539","title":{"rendered":"Mein neues t\u00fcrkisfarbenes Halstuch"},"content":{"rendered":"<p>Kaum hab ich von den Eink\u00e4ufen auf der Nadelwelt gebloggt, sofort ist auch schon was daraus entstanden. Aus dem tollen, superleichten, t\u00fcrkisfarbenen Stoff habe ich mir ein neues Halstuch gen\u00e4ht. Ging ratzfatz, ich musste ja einfach nur die S\u00e4ume umn\u00e4hen. Genutzt habe ich hierf\u00fcr wieder meinen Rollsaumfu\u00df. Ich glaube das k\u00f6nnte mein neues Lieblingstuch werden \ud83d\ude42<\/p>\n<p><a  href=\"http:\/\/berg-werk.biz\/wp-content\/uploads\/2016\/06\/wp-1465852920106.jpg\" data-rel=\"lightbox-gallery-0\" data-rl_title=\"\" data-rl_caption=\"\" title=\"\"><img decoding=\"async\" loading=\"lazy\" class=\"alignnone size-medium wp-image-535\" src=\"http:\/\/berg-werk.biz\/wp-content\/uploads\/2016\/06\/wp-1465852920106-168x300.jpg\" alt=\"wp-1465852920106.jpg\" width=\"168\" height=\"300\" srcset=\"https:\/\/berg-werk.biz\/wp-content\/uploads\/2016\/06\/wp-1465852920106-168x300.jpg 168w, https:\/\/berg-werk.biz\/wp-content\/uploads\/2016\/06\/wp-1465852920106-574x1024.jpg 574w, https:\/\/berg-werk.biz\/wp-content\/uploads\/2016\/06\/wp-1465852920106.jpg 718w\" sizes=\"(max-width: 168px) 100vw, 168px\" \/><\/a><a  href=\"http:\/\/berg-werk.biz\/wp-content\/uploads\/2016\/06\/wp-1465852924735.jpg\" data-rel=\"lightbox-gallery-0\" data-rl_title=\"\" data-rl_caption=\"\" title=\"\"><img decoding=\"async\" loading=\"lazy\" class=\"alignnone size-medium wp-image-536\" src=\"http:\/\/berg-werk.biz\/wp-content\/uploads\/2016\/06\/wp-1465852924735-169x300.jpg\" alt=\"wp-1465852924735.jpg\" width=\"169\" height=\"300\" srcset=\"https:\/\/berg-werk.biz\/wp-content\/uploads\/2016\/06\/wp-1465852924735-169x300.jpg 169w, https:\/\/berg-werk.biz\/wp-content\/uploads\/2016\/06\/wp-1465852924735-576x1024.jpg 576w, https:\/\/berg-werk.biz\/wp-content\/uploads\/2016\/06\/wp-1465852924735.jpg 720w\" sizes=\"(max-width: 169px) 100vw, 169px\" \/><\/a><\/p>\n","protected":false},"excerpt":{"rendered":"<p>Kaum hab ich von den Eink\u00e4ufen auf der Nadelwelt gebloggt, sofort ist auch schon was daraus entstanden. Aus dem tollen, superleichten, t\u00fcrkisfarbenen Stoff habe ich mir ein neues Halstuch gen\u00e4ht. Ging ratzfatz, ich musste ja einfach nur die S\u00e4ume umn\u00e4hen. &hellip; <a href=\"https:\/\/berg-werk.biz\/?p=539\">Weiterlesen <span class=\"meta-nav\">&rarr;<\/span><\/a><\/p>\n","protected":false},"author":2,"featured_media":0,"comment_status":"open","ping_status":"closed","sticky":false,"template":"","format":"standard","meta":[],"categories":[6],"tags":[],"_links":{"self":[{"href":"https:\/\/berg-werk.biz\/index.php?rest_route=\/wp\/v2\/posts\/539"}],"collection":[{"href":"https:\/\/berg-werk.biz\/index.php?rest_route=\/wp\/v2\/posts"}],"about":[{"href":"https:\/\/berg-werk.biz\/index.php?rest_route=\/wp\/v2\/types\/post"}],"author":[{"embeddable":true,"href":"https:\/\/berg-werk.biz\/index.php?rest_route=\/wp\/v2\/users\/2"}],"replies":[{"embeddable":true,"href":"https:\/\/berg-werk.biz\/index.php?rest_route=%2Fwp%2Fv2%2Fcomments&post=539"}],"version-history":[{"count":1,"href":"https:\/\/berg-werk.biz\/index.php?rest_route=\/wp\/v2\/posts\/539\/revisions"}],"predecessor-version":[{"id":540,"href":"https:\/\/berg-werk.biz\/index.php?rest_route=\/wp\/v2\/posts\/539\/revisions\/540"}],"wp:attachment":[{"href":"https:\/\/berg-werk.biz\/index.php?rest_route=%2Fwp%2Fv2%2Fmedia&parent=539"}],"wp:term":[{"taxonomy":"category","embeddable":true,"href":"https:\/\/berg-werk.biz\/index.php?rest_route=%2Fwp%2Fv2%2Fcategories&post=539"},{"taxonomy":"post_tag","embeddable":true,"href":"https:\/\/berg-werk.biz\/index.php?rest_route=%2Fwp%2Fv2%2Ftags&post=539"}],"curies":[{"name":"wp","href":"https:\/\/api.w.org\/{rel}","templated":true}]}}