{"id":677,"date":"2017-04-15T15:04:27","date_gmt":"2017-04-15T13:04:27","guid":{"rendered":"http:\/\/berg-werk.biz\/?p=677"},"modified":"2017-06-15T11:38:09","modified_gmt":"2017-06-15T09:38:09","slug":"nadelwelt-2017","status":"publish","type":"post","link":"https:\/\/berg-werk.biz\/?p=677","title":{"rendered":"Nadelwelt 2017"},"content":{"rendered":"<p><a href=\"https:\/\/www.nadel-welt.de\" target=\"_blank\" rel=\"noopener noreferrer\"><img decoding=\"async\" loading=\"lazy\" class=\"size-medium wp-image-678 aligncenter\" src=\"http:\/\/berg-werk.biz\/wp-content\/uploads\/2017\/04\/2E7E7DB0-9539-4242-901A-89A117603B32-3595-000004EABABD5529-300x212.jpeg\" alt=\"\" width=\"300\" height=\"212\" srcset=\"https:\/\/berg-werk.biz\/wp-content\/uploads\/2017\/04\/2E7E7DB0-9539-4242-901A-89A117603B32-3595-000004EABABD5529-300x212.jpeg 300w, https:\/\/berg-werk.biz\/wp-content\/uploads\/2017\/04\/2E7E7DB0-9539-4242-901A-89A117603B32-3595-000004EABABD5529.jpeg 320w\" sizes=\"(max-width: 300px) 100vw, 300px\" \/><\/a><\/p>\n<p>Seit dem Besuch 2016 auf der Nadelwelt freue ich mich schon auf die Nadelwelt 2017. Jetzt ist es gar nicht mehr lange, bis es endlich wieder soweit ist. Vom 5. bis 7. Mai findet die Nadelwelt in Karlsruhe statt. Die Messe bietet eine gro\u00dfe Auswahl an Produkten rund um Patchwork, Quilting, N\u00e4hen, H\u00e4keln und Stricken. Hier findet man auch ein paar Sachen, die man sonst nur schwer oder gar nicht findet. Ich kaufte in den vergangenen zwei Jahren hier immer das Kunststoff-Gewebe, das ich bei der <a href=\"http:\/\/berg-werk.biz\/?p=29\" target=\"_blank\" rel=\"noopener noreferrer\">Einkaufstasche<\/a> verwendet habe. Jedes Jahr kaufe ich dort auch immer wieder mehr Zubeh\u00f6r, um meine N\u00e4hausstattung zu vervollst\u00e4ndigen. Ich bin gespannt, ob ich dieses Jahr wieder einige hilfreiche Werkzeuge finde. Vielleicht kaufe ich ja z.B. eine Fangnadel, wie hier bei <a href=\"http:\/\/www.crafteln.de\/2017\/02\/nahwerkzeuge-fangnadel.html\" target=\"_blank\" rel=\"noopener noreferrer\">www.crafteln.de<\/a> beschrieben. Das scheint mir zum Verwahren der F\u00e4den bei Overlockn\u00e4hten eine sinnvolle Sache zu sein.<\/p>\n<p>Diese Jahr werde ich zweifelsfrei mit anderen Augen durch die Messe schlendern und an den St\u00e4nden vermutlich eher nach Stoffen f\u00fcr Baby- und Kinderbekleidung und entsprechenden Schnitten Ausschau halten. Mal sehen, wie sehr mein Portemonnaie leiden muss, dabei habe ich auch noch einige Jerseystoffe f\u00fcr Babykleidung daheim, die ich erst noch vern\u00e4hen muss. Bestimmt l\u00e4sst mir unser Knirps auch bald ein wenig Zeit, damit ich meine Projekte verwirklichen kann.<\/p>\n<p>Nach der Messe werde ich euch berichten, wie voll mein Einkaufst\u00e4schchen geworden ist und was die Messe dieses Jahr alles geboten hat.<\/p>\n","protected":false},"excerpt":{"rendered":"<p>Seit dem Besuch 2016 auf der Nadelwelt freue ich mich schon auf die Nadelwelt 2017. Jetzt ist es gar nicht mehr lange, bis es endlich wieder soweit ist. Vom 5. bis 7. Mai findet die Nadelwelt in Karlsruhe statt. Die &hellip; <a href=\"https:\/\/berg-werk.biz\/?p=677\">Weiterlesen <span class=\"meta-nav\">&rarr;<\/span><\/a><\/p>\n","protected":false},"author":2,"featured_media":0,"comment_status":"closed","ping_status":"closed","sticky":false,"template":"","format":"standard","meta":[],"categories":[6],"tags":[],"_links":{"self":[{"href":"https:\/\/berg-werk.biz\/index.php?rest_route=\/wp\/v2\/posts\/677"}],"collection":[{"href":"https:\/\/berg-werk.biz\/index.php?rest_route=\/wp\/v2\/posts"}],"about":[{"href":"https:\/\/berg-werk.biz\/index.php?rest_route=\/wp\/v2\/types\/post"}],"author":[{"embeddable":true,"href":"https:\/\/berg-werk.biz\/index.php?rest_route=\/wp\/v2\/users\/2"}],"replies":[{"embeddable":true,"href":"https:\/\/berg-werk.biz\/index.php?rest_route=%2Fwp%2Fv2%2Fcomments&post=677"}],"version-history":[{"count":4,"href":"https:\/\/berg-werk.biz\/index.php?rest_route=\/wp\/v2\/posts\/677\/revisions"}],"predecessor-version":[{"id":742,"href":"https:\/\/berg-werk.biz\/index.php?rest_route=\/wp\/v2\/posts\/677\/revisions\/742"}],"wp:attachment":[{"href":"https:\/\/berg-werk.biz\/index.php?rest_route=%2Fwp%2Fv2%2Fmedia&parent=677"}],"wp:term":[{"taxonomy":"category","embeddable":true,"href":"https:\/\/berg-werk.biz\/index.php?rest_route=%2Fwp%2Fv2%2Fcategories&post=677"},{"taxonomy":"post_tag","embeddable":true,"href":"https:\/\/berg-werk.biz\/index.php?rest_route=%2Fwp%2Fv2%2Ftags&post=677"}],"curies":[{"name":"wp","href":"https:\/\/api.w.org\/{rel}","templated":true}]}}