{"id":865,"date":"2018-01-31T16:56:55","date_gmt":"2018-01-31T15:56:55","guid":{"rendered":"http:\/\/berg-werk.biz\/?p=865"},"modified":"2018-01-31T21:25:20","modified_gmt":"2018-01-31T20:25:20","slug":"mamas-kleid-zur-taufe-12xmemade-januar","status":"publish","type":"post","link":"https:\/\/berg-werk.biz\/?p=865","title":{"rendered":"Mamas Kleid zur Taufe \/ 12xmemade Januar"},"content":{"rendered":"<p>Vor knapp zwei Jahren hatte ich mit einem Kleid begonnen, das ich zu einem runden Geburtstag im Mai anziehen wollte. Da aber bis dahin erst das Kleid fertig wurde, das bis zu einem runden Geburtstag im April fertig sein sollte, blieb das Kleid erst mal liegen. Dann kam erst mal der Nachwuchs und so blieb es dann weiter liegen. Die Taufe unseres Sohnes und die damit verbundene Frage \u201eOhje, was soll ich dazu nur anziehen?\u201c verhalf dem auf Halde liegenden Projekt wieder Aufwind. Einige N\u00e4habendstunden und Tipps von <a href=\"https:\/\/nahtzugabe5cm.blogspot.de\/\" target=\"_blank\" rel=\"noopener noreferrer\">Muriel<\/a> sp\u00e4ter war das Kleid dann tats\u00e4chlich noch zur Taufe fertig! Ich habe mich darin wirklich sehr wohl gef\u00fchlt.<\/p>\n<p>Es steckt einige Arbeit in dem Kleid. So habe ich direkt vor dem Probekleid mit Originalschnitt eine Anpassung am Schnitt gemacht. Da ich mich in Prinzessn\u00e4hten nicht so wohl f\u00fchlte habe ich am Vorderteil einen Abn\u00e4her erg\u00e4nzt. Das Oberteil ist in einer kleineren Gr\u00f6\u00dfe zugeschnitten als das Unterteil. Au\u00dferdem habe ich in der L\u00e4nge etwas zugegeben und den vorgesehenen Stoffstreifen (so ein Walle-Walle-Ding &#8211; ich glaube man nennt es Volant) habe ich weggelassen. Weitere Anpassungen folgten dann am Probekleid. Muriel hatte hinten in der Mitte (beim Rei\u00dfverschluss) noch einiges weggesteckt. Die \u00c4nderungen habe ich dann auch den Schnitt \u00fcbernommen und dann wurde endlich am \u201erichtigen\u201c Kleid gen\u00e4ht. Das Kleid ist komplett gef\u00fcttert. Am Halsausschnitt habe ich nur das Futter verst\u00fcrtzt, an den Armausschnitten ist Schr\u00e4gband aus dem Kleiderstoff angen\u00e4ht. Der Stoff ist recht knitterfrei und war im lokalen Stoffladen so g\u00fcnstig zu erwerben, dass sogar die Verk\u00e4uferin sicherheitshalber bei ihrer Chefin nochmal nach dem Preis gefragt hatte \ud83d\ude00<\/p>\n<p><img decoding=\"async\" loading=\"lazy\" class=\"alignnone size-full wp-image-874\" src=\"http:\/\/berg-werk.biz\/wp-content\/uploads\/2018\/01\/imag2570-1656621372.jpg\" width=\"718\" height=\"1280\" data-wpid=\"988\" srcset=\"https:\/\/berg-werk.biz\/wp-content\/uploads\/2018\/01\/imag2570-1656621372.jpg 718w, https:\/\/berg-werk.biz\/wp-content\/uploads\/2018\/01\/imag2570-1656621372-168x300.jpg 168w\" sizes=\"(max-width: 718px) 100vw, 718px\" \/><\/p>\n<p><img decoding=\"async\" loading=\"lazy\" class=\"alignnone wp-image-876 size-full\" src=\"http:\/\/berg-werk.biz\/wp-content\/uploads\/2018\/01\/imag25721906623843.jpg\" width=\"718\" height=\"1280\" data-wpid=\"989\" data-temp-aztec-id=\"ad38cc26-17fc-4737-9c38-85e6db80da42\" srcset=\"https:\/\/berg-werk.biz\/wp-content\/uploads\/2018\/01\/imag25721906623843.jpg 718w, https:\/\/berg-werk.biz\/wp-content\/uploads\/2018\/01\/imag25721906623843-168x300.jpg 168w\" sizes=\"(max-width: 718px) 100vw, 718px\" \/><\/p>\n<p><img decoding=\"async\" loading=\"lazy\" class=\"alignnone wp-image-877 size-full\" src=\"http:\/\/berg-werk.biz\/wp-content\/uploads\/2018\/01\/imag2577_1716819266.jpg\" width=\"1280\" height=\"718\" data-wpid=\"991\" srcset=\"https:\/\/berg-werk.biz\/wp-content\/uploads\/2018\/01\/imag2577_1716819266.jpg 1280w, https:\/\/berg-werk.biz\/wp-content\/uploads\/2018\/01\/imag2577_1716819266-300x168.jpg 300w, https:\/\/berg-werk.biz\/wp-content\/uploads\/2018\/01\/imag2577_1716819266-768x431.jpg 768w, https:\/\/berg-werk.biz\/wp-content\/uploads\/2018\/01\/imag2577_1716819266-500x280.jpg 500w\" sizes=\"(max-width: 1280px) 100vw, 1280px\" \/><\/p>\n<p><img decoding=\"async\" loading=\"lazy\" class=\"alignnone wp-image-875 size-full\" src=\"http:\/\/berg-werk.biz\/wp-content\/uploads\/2018\/01\/imag2574-346629229.jpg\" width=\"718\" height=\"1280\" data-wpid=\"990\" srcset=\"https:\/\/berg-werk.biz\/wp-content\/uploads\/2018\/01\/imag2574-346629229.jpg 718w, https:\/\/berg-werk.biz\/wp-content\/uploads\/2018\/01\/imag2574-346629229-168x300.jpg 168w\" sizes=\"(max-width: 718px) 100vw, 718px\" \/><\/p>\n<p>Das Schr\u00e4gband an den Armausschnitten hab ich nicht so gut eingen\u00e4ht bekommen. Da ich den Schnitt irgendwann nochmal mit einem hellen Stoff (als Fr\u00fchjahr-\/Sommerkleid) n\u00e4hen m\u00f6chte, muss ich mir da nochmal Tipps holen, wie ich das besser hinkriege. Bei diesem Kleid stehen nun leider die unteren R\u00e4nder beim Armausschnitt ein wenig nach au\u00dfen ab.<\/p>\n<p><strong>Schnitt:<\/strong> Burda Style 3\/2016, Kleid 120<\/p>\n<p><strong>Anpassungen:<\/strong> Abn\u00e4her am schmaleren Vorderteil hinzugef\u00fcgt, Volant (oder wie das hei\u00dft) weggelassen, in der hinteren Mitte Stoff weggenommen, L\u00e4nge angepasst.<\/p>\n<p>Da ich mit meinem Kleid noch im Januar fertig war kann ich damit auch beim <em><strong>12xmemade<\/strong> <\/em>mitmachen! \ud83d\ude42 <a href=\"https:\/\/chrissysnaehkaestchen.wordpress.com\/\">Chrissys N\u00e4hk\u00e4stchen<\/a> hat n\u00e4mlich eine super Aktion f\u00fcr dieses Jahr ins Leben gerufen. Mitmachen kann man hierbei in jedem Monat diesen Jahres, in dem man etwas f\u00fcr sich selbst gen\u00e4ht \/ gestrickt \/ geh\u00e4kelt \/ gekl\u00f6ppelt&#8230; hat. Ich finde die Aktion toll und hoffe, dass ich an einigen Monaten etwas vorweisen kann, das ich f\u00fcr mich und nicht f\u00fcr den kleinen R\u00e4uber gen\u00e4ht habe. Daf\u00fcr m\u00f6chte ich die Stoffe vern\u00e4hen, die sich nach und nach f\u00fcr mich daheim angeh\u00e4uft haben und noch unvern\u00e4ht im Lager liegen. Auch einige Schnitte wollte ich schon lange (nochmal) n\u00e4hen. Daher hoffe ich, dass die 12xMeMade-Aktion beim Abbau des Stoffstapels hilft \ud83d\ude09<\/p>\n","protected":false},"excerpt":{"rendered":"<p>Vor knapp zwei Jahren hatte ich mit einem Kleid begonnen, das ich zu einem runden Geburtstag im Mai anziehen wollte. Da aber bis dahin erst das Kleid fertig wurde, das bis zu einem runden Geburtstag im April fertig sein sollte, &hellip; <a href=\"https:\/\/berg-werk.biz\/?p=865\">Weiterlesen <span class=\"meta-nav\">&rarr;<\/span><\/a><\/p>\n","protected":false},"author":2,"featured_media":0,"comment_status":"closed","ping_status":"closed","sticky":false,"template":"","format":"standard","meta":[],"categories":[6],"tags":[],"_links":{"self":[{"href":"https:\/\/berg-werk.biz\/index.php?rest_route=\/wp\/v2\/posts\/865"}],"collection":[{"href":"https:\/\/berg-werk.biz\/index.php?rest_route=\/wp\/v2\/posts"}],"about":[{"href":"https:\/\/berg-werk.biz\/index.php?rest_route=\/wp\/v2\/types\/post"}],"author":[{"embeddable":true,"href":"https:\/\/berg-werk.biz\/index.php?rest_route=\/wp\/v2\/users\/2"}],"replies":[{"embeddable":true,"href":"https:\/\/berg-werk.biz\/index.php?rest_route=%2Fwp%2Fv2%2Fcomments&post=865"}],"version-history":[{"count":6,"href":"https:\/\/berg-werk.biz\/index.php?rest_route=\/wp\/v2\/posts\/865\/revisions"}],"predecessor-version":[{"id":881,"href":"https:\/\/berg-werk.biz\/index.php?rest_route=\/wp\/v2\/posts\/865\/revisions\/881"}],"wp:attachment":[{"href":"https:\/\/berg-werk.biz\/index.php?rest_route=%2Fwp%2Fv2%2Fmedia&parent=865"}],"wp:term":[{"taxonomy":"category","embeddable":true,"href":"https:\/\/berg-werk.biz\/index.php?rest_route=%2Fwp%2Fv2%2Fcategories&post=865"},{"taxonomy":"post_tag","embeddable":true,"href":"https:\/\/berg-werk.biz\/index.php?rest_route=%2Fwp%2Fv2%2Ftags&post=865"}],"curies":[{"name":"wp","href":"https:\/\/api.w.org\/{rel}","templated":true}]}}